{"id":1672,"date":"2025-07-28T15:22:34","date_gmt":"2025-07-28T13:22:34","guid":{"rendered":"https:\/\/www.jadeconsulting.eu\/?p=1672"},"modified":"2025-07-28T15:38:24","modified_gmt":"2025-07-28T13:38:24","slug":"vege-a-windows-10-nek-mit-jelent-ez-a-ceged-szamara","status":"publish","type":"post","link":"https:\/\/www.jadeconsulting.eu\/index.php\/2025\/07\/28\/vege-a-windows-10-nek-mit-jelent-ez-a-ceged-szamara\/","title":{"rendered":"V\u00e9ge a Windows 10-nek: Mit jelent ez a c\u00e9ged sz\u00e1m\u00e1ra?"},"content":{"rendered":"\n<figure class=\"wp-block-pullquote\"><blockquote><p><strong>2025.okt\u00f3ber 14.<\/strong> \u2013 m\u00e1r egy\u00e1ltal\u00e1n nem t\u0171nik messzi d\u00e1tumnak &#8211; Ekkor sz\u0171nik meg a <strong>Windows 10 hivatalos t\u00e1mogat\u00e1sa<\/strong>. Ez azt jelenti, hogy sem biztons\u00e1gi friss\u00edt\u00e9sek, sem hibajav\u00edt\u00e1sok, sem technikai t\u00e1mogat\u00e1s nem \u00e9rkezik t\u00f6bb\u00e9 ehhez a rendszerhez.<\/p><\/blockquote><\/figure>\n\n\n\n<p>A sz\u00e1m\u00edt\u00f3g\u00e9pek m\u0171k\u00f6dni fognak ugyan, de a v\u00e9delem megsz\u0171nik. Ez pedig s\u00falyos biztons\u00e1gi kock\u00e1zatot jelent, k\u00fcl\u00f6n\u00f6sen v\u00e1llalati k\u00f6rnyezetben, ahol \u00e9rz\u00e9keny adatok, \u00fcgyf\u00e9linform\u00e1ci\u00f3k \u00e9s napi m\u0171k\u00f6d\u00e9si folyamatok f\u00fcggnek a rendszer megb\u00edzhat\u00f3s\u00e1g\u00e1t\u00f3l.<\/p>\n\n\n\n<h3 class=\"wp-block-heading\">Mi a helyzet az Office-szal?<\/h3>\n\n\n\n<div class=\"wp-block-columns is-layout-flex wp-container-core-columns-is-layout-28f84493 wp-block-columns-is-layout-flex\">\n<div class=\"wp-block-column is-layout-flow wp-block-column-is-layout-flow\" style=\"flex-basis:66.66%\">\n<p>B\u00e1r a Microsoft nemr\u00e9g bejelentette, hogy a <strong>Microsoft 365 (Office)<\/strong> alkalmaz\u00e1sok friss\u00edt\u00e9seit 2026-ig m\u00e9g meghosszabb\u00edtj\u00e1k Windows 10 alatt, ez csup\u00e1n r\u00e9szleges megnyugv\u00e1s. \u00daj funkci\u00f3k m\u00e1r nem \u00e9rkeznek 2026 augusztusa ut\u00e1n, \u00e9s a teljes t\u00e1mogat\u00e1s 2028-ban v\u00e9get \u00e9r. A Microsoft ezzel gyakorlatilag vil\u00e1goss\u00e1 tette: a j\u00f6v\u0151 a Windows 11.<\/p>\n\n\n\n<p><a href=\"https:\/\/learn.microsoft.com\/hu-hu\/lifecycle\/end-of-support\/end-of-support-2026\">2026-ban megsz\u0171n\u0151 t\u00e1mogat\u00e1s &#8211; Microsoft Lifecycle | Microsoft Learn<\/a><\/p>\n<\/div>\n\n\n\n<div class=\"wp-block-column is-vertically-aligned-center is-layout-flow wp-block-column-is-layout-flow\" style=\"flex-basis:33.33%\">\n<figure class=\"wp-block-image aligncenter size-large is-resized\"><img loading=\"lazy\" decoding=\"async\" width=\"1024\" height=\"710\" src=\"https:\/\/www.jadeconsulting.eu\/wp-content\/uploads\/2025\/07\/Microsoft-Office-Logo-2001-1024x710.png\" alt=\"\" class=\"wp-image-1711\" style=\"width:257px;height:auto\" srcset=\"https:\/\/www.jadeconsulting.eu\/wp-content\/uploads\/2025\/07\/Microsoft-Office-Logo-2001-1024x710.png 1024w, https:\/\/www.jadeconsulting.eu\/wp-content\/uploads\/2025\/07\/Microsoft-Office-Logo-2001-300x208.png 300w, https:\/\/www.jadeconsulting.eu\/wp-content\/uploads\/2025\/07\/Microsoft-Office-Logo-2001-768x532.png 768w, https:\/\/www.jadeconsulting.eu\/wp-content\/uploads\/2025\/07\/Microsoft-Office-Logo-2001-1536x1064.png 1536w, https:\/\/www.jadeconsulting.eu\/wp-content\/uploads\/2025\/07\/Microsoft-Office-Logo-2001-2048x1419.png 2048w\" sizes=\"auto, (max-width: 1024px) 100vw, 1024px\" \/><\/figure>\n<\/div>\n<\/div>\n\n\n\n<h3 class=\"wp-block-heading\">Mi\u00e9rt probl\u00e9ma ez?<\/h3>\n\n\n\n<p>Sok v\u00e1llalkoz\u00e1s ma is <strong>Windows 10-es g\u00e9peken dolgozik<\/strong> \u2013 gyakran olyan r\u00e9gebbi eszk\u00f6z\u00f6k\u00f6n, amelyek <strong>m\u0171szakilag nem is alkalmasak a Windows 11 futtat\u00e1s\u00e1ra<\/strong>. Ezek a sz\u00e1m\u00edt\u00f3g\u00e9pek a t\u00e1mogat\u00e1s lej\u00e1rt\u00e1val gyakorlatilag <strong>magukra maradnak a digit\u00e1lis t\u00e9rben<\/strong>, friss\u00edt\u00e9sek \u00e9s biztons\u00e1gi jav\u00edt\u00e1sok n\u00e9lk\u00fcl. Ez azt jelenti, hogy <strong>minden \u00fajonnan felfedezett sebezhet\u0151s\u00e9g potenci\u00e1lis t\u00e1mad\u00e1si fel\u00fclett\u00e9 v\u00e1lik<\/strong> \u2013 legyen sz\u00f3 v\u00edrusokr\u00f3l, zsarol\u00f3programokr\u00f3l, adatsziv\u00e1rg\u00e1sr\u00f3l vagy ak\u00e1r c\u00e9lzott kibert\u00e1mad\u00e1sr\u00f3l.<\/p>\n\n\n\n<p>Ez nem csak IT-probl\u00e9ma: <strong>egy elavult, sebezhet\u0151 rendszer vesz\u00e9lyeztetheti az \u00fczletmenetet, a partnerek bizalm\u00e1t \u00e9s ak\u00e1r az adatv\u00e9delmi megfelel\u00e9st is<\/strong>. Ahol nincs v\u00e9delem, ott el\u0151bb-ut\u00f3bb megt\u00f6rt\u00e9nik a baj \u2013 \u00e9s ez nemcsak a nagy c\u00e9geket \u00e9rinti, hanem a kisv\u00e1llalkoz\u00e1sokat is.<\/p>\n\n\n\n<p>R\u00e1ad\u00e1sul a Microsoft 365 (Office) alkalmaz\u00e1sok is <strong>csak korl\u00e1tozott ideig kapnak \u00faj funkci\u00f3kat Windows 10-en<\/strong>, \u00edgy hossz\u00fa t\u00e1von <strong>a munkav\u00e9gz\u00e9s hat\u00e9konys\u00e1ga is csorbulhat<\/strong>. Egyre t\u00f6bb modern funkci\u00f3 \u00e9s egy\u00fcttm\u0171k\u00f6d\u00e9si lehet\u0151s\u00e9g csak Windows 11-en lesz el\u00e9rhet\u0151, \u00edgy akik maradnak a r\u00e9gi rendszeren, fokozatosan <strong>h\u00e1tr\u00e1nyba ker\u00fclhetnek a versenyt\u00e1rsaikkal szemben<\/strong> \u2013 mind technol\u00f3giai, mind \u00fczleti szempontb\u00f3l.<\/p>\n\n\n\n<h3 class=\"wp-block-heading\">NIS2 \u00e9s a magyar kibert\u00f6rv\u00e9ny: m\u00e9g szigor\u00fabb elv\u00e1r\u00e1sok<\/h3>\n\n\n\n<p>A <strong>NIS2 ir\u00e1nyelv<\/strong> \u00e9s az azt k\u00f6vet\u0151 <strong>magyar kibert\u00f6rv\u00e9ny<\/strong> \u00faj szintre emelik az IT-biztons\u00e1ggal kapcsolatos k\u00f6vetelm\u00e9nyeket, k\u00fcl\u00f6n\u00f6sen azokra a v\u00e1llalkoz\u00e1sokra n\u00e9zve, amelyek kritikus infrastrukt\u00far\u00e1kat szolg\u00e1lnak ki, vagy ezek besz\u00e1ll\u00edt\u00f3i.<br>Ezeknek a c\u00e9geknek <strong>nem csup\u00e1n aj\u00e1nlott<\/strong>, hanem <strong>k\u00f6telez\u0151<\/strong> is lehet a naprak\u00e9sz, biztons\u00e1gos IT-rendszerek fenntart\u00e1sa. Az elavult oper\u00e1ci\u00f3s rendszerek \u2013 mint amilyen a t\u00e1mogat\u00e1sb\u00f3l kies\u0151 Windows 10 is lesz \u2013 <strong>komoly kock\u00e1zatot jelenthetnek<\/strong>, \u00e9s ak\u00e1r jogi vagy hat\u00f3s\u00e1gi k\u00f6vetkezm\u00e9nyekkel is j\u00e1rhatnak.<\/p>\n\n\n\n<p><strong>A megfelel\u0151s\u00e9g nem mer\u00fcl ki egy v\u00edrusirt\u00f3ban<\/strong>: a biztons\u00e1gos \u00fczemeltet\u00e9s r\u00e9sze a friss szoftverhaszn\u00e1lat, a rendszeres karbantart\u00e1s \u00e9s a technikai sebezhet\u0151s\u00e9gek minimaliz\u00e1l\u00e1sa. A NIS2 c\u00e9lja \u00e9pp az, hogy ezeket a szempontokat komolyan vegy\u00e9k a c\u00e9gek \u2013 nemcsak technikailag, hanem szervezetileg is.<\/p>\n\n\n\n<figure class=\"wp-block-image aligncenter size-large\"><a href=\"https:\/\/net.jogtar.hu\/jogszabaly?docid=a22i2555.eup\"><img loading=\"lazy\" decoding=\"async\" width=\"1024\" height=\"69\" src=\"https:\/\/www.jadeconsulting.eu\/wp-content\/uploads\/2025\/07\/nis2-1024x69.jpg\" alt=\"\" class=\"wp-image-1712\" srcset=\"https:\/\/www.jadeconsulting.eu\/wp-content\/uploads\/2025\/07\/nis2-1024x69.jpg 1024w, https:\/\/www.jadeconsulting.eu\/wp-content\/uploads\/2025\/07\/nis2-300x20.jpg 300w, https:\/\/www.jadeconsulting.eu\/wp-content\/uploads\/2025\/07\/nis2-768x52.jpg 768w, https:\/\/www.jadeconsulting.eu\/wp-content\/uploads\/2025\/07\/nis2-1536x103.jpg 1536w, https:\/\/www.jadeconsulting.eu\/wp-content\/uploads\/2025\/07\/nis2-2048x138.jpg 2048w\" sizes=\"auto, (max-width: 1024px) 100vw, 1024px\" \/><\/a><\/figure>\n\n\n\n<p><strong>Ha nem vagy biztos benne, hogy v\u00e1llalkoz\u00e1sod \u00e9rintett-e, vagy hogy megfelel-e a t\u00f6rv\u00e9nyi elv\u00e1r\u00e1soknak, keress meg minket \u2013 seg\u00edt\u00fcnk eligazodni \u00e9s felk\u00e9sz\u00fclni.<\/strong><\/p>\n\n\n\n<h3 class=\"wp-block-heading\">Mit lehet tenni?<\/h3>\n\n\n\n<ul class=\"wp-block-list\">\n<li>A legjobb megold\u00e1s a <strong>friss\u00edt\u00e9s Windows 11-re<\/strong>. Ha a megl\u00e9v\u0151 g\u00e9peid nem kompatibilisek, \u00e9rdemes id\u0151ben elkezdeni a tervez\u00e9st: \u00faj eszk\u00f6z\u00f6k beszerz\u00e9se, adatment\u00e9s, rendszerfriss\u00edt\u00e9s, szoftverkompatibilit\u00e1s ellen\u0151rz\u00e9se.<\/li>\n\n\n\n<li>Ha nem \u00e1llsz k\u00e9szen a teljes \u00e1t\u00e1ll\u00e1sra, ideiglenes megold\u00e1s lehet a Microsoft \u00fan. <strong>Extended Security Update (ESU)<\/strong> programja \u2013 de ez nem mindenki sz\u00e1m\u00e1ra el\u00e9rhet\u0151, \u00e9s csak korl\u00e1tozott ideig jelent megold\u00e1st.<\/li>\n<\/ul>\n\n\n\n<h2 class=\"wp-block-heading\">Miben tudunk seg\u00edteni?<\/h2>\n\n\n\n<p>&#x2705; Seg\u00edthet\u00fcnk felm\u00e9rni, hogy a jelenlegi eszk\u00f6zeid alkalmasak-e Windows 11 futtat\u00e1s\u00e1ra<br>&#x2705; Seg\u00edthet\u00fcnk az \u00faj eszk\u00f6z\u00f6k kiv\u00e1laszt\u00e1s\u00e1ban \u00e9s beszerz\u00e9s\u00e9ben<br>&#x2705; Elv\u00e9gezz\u00fck az oper\u00e1ci\u00f3s rendszer friss\u00edt\u00e9s\u00e9t, adatment\u00e9st, szoftver\u00e1t\u00e1ll\u00edt\u00e1st<br>&#x2705; \u00dczleti szempontb\u00f3l gondolkodunk: nem csak szoftvert telep\u00edt\u00fcnk, hanem m\u0171k\u00f6d\u00e9st tervez\u00fcnk \u00fajra<\/p>\n\n\n\n<div class=\"wp-block-columns is-layout-flex wp-container-core-columns-is-layout-28f84493 wp-block-columns-is-layout-flex\">\n<div class=\"wp-block-column is-layout-flow wp-block-column-is-layout-flow\">\n<p>Ha nem vagy biztos abban, hol is kezd a v\u00e1lt\u00e1st, keress meg minket! Sz\u00edvesen \u00e1tn\u00e9zz\u00fck a rendszered, \u00e9s adunk egy re\u00e1lis k\u00e9pet a lehet\u0151s\u00e9gekr\u0151l \u2013 hogy a v\u00e1lt\u00e1s ne k\u00e9nyszer legyen, hanem tudatos d\u00f6nt\u00e9s.<\/p>\n<\/div>\n\n\n\n<div class=\"wp-block-column is-layout-flow wp-block-column-is-layout-flow\">\n<p class=\"has-text-align-center\">K\u00e9sz\u00fclj fel id\u0151ben a v\u00e1lt\u00e1sra \u2013 most m\u00e9g van id\u0151 gondolkodni. K\u00e9s\u0151bb m\u00e1r csak kapkodni lehet.<\/p>\n\n\n\n<div class=\"wp-block-buttons is-content-justification-center is-layout-flex wp-container-core-buttons-is-layout-a89b3969 wp-block-buttons-is-layout-flex\">\n<div class=\"wp-block-button has-custom-width wp-block-button__width-75\"><a class=\"wp-block-button__link wp-element-button\">Kapcsolatfelv\u00e9tel<\/a><\/div>\n<\/div>\n<\/div>\n<\/div>\n\n\n\n<p><\/p>\n","protected":false},"excerpt":{"rendered":"<p>2025.okt\u00f3ber 14. \u2013 m\u00e1r egy\u00e1ltal\u00e1n nem t\u0171nik messzi d\u00e1tumnak &#8211; Ekkor sz\u0171nik meg a Windows 10 hivatalos t\u00e1mogat\u00e1sa. Ez azt jelenti, hogy sem biztons\u00e1gi friss\u00edt\u00e9sek, sem hibajav\u00edt\u00e1sok, sem technikai t\u00e1mogat\u00e1s nem \u00e9rkezik t\u00f6bb\u00e9 ehhez a rendszerhez. A sz\u00e1m\u00edt\u00f3g\u00e9pek m\u0171k\u00f6dni fognak ugyan, de a v\u00e9delem megsz\u0171nik. Ez pedig s\u00falyos biztons\u00e1gi kock\u00e1zatot jelent, k\u00fcl\u00f6n\u00f6sen v\u00e1llalati k\u00f6rnyezetben, ahol&#8230;<\/p>\n","protected":false},"author":162,"featured_media":1714,"comment_status":"open","ping_status":"open","sticky":false,"template":"","format":"standard","meta":{"_jetpack_memberships_contains_paid_content":false,"footnotes":"","jetpack_publicize_message":"","jetpack_publicize_feature_enabled":true,"jetpack_social_post_already_shared":true,"jetpack_social_options":{"image_generator_settings":{"template":"highway","default_image_id":0,"font":"","enabled":false},"version":2}},"categories":[103,82,102],"tags":[93,97,95,100,99,84,98,94,91,96,92,101,89,90],"class_list":["post-1672","post","type-post","status-publish","format-standard","has-post-thumbnail","hentry","category-hardver-szoftver-eletciklus","category-it-biztonsag","category-it-uzemeltetes","tag-biztonsagi-frissites","tag-eszkozcsere","tag-frissites","tag-it-tanacsadas","tag-kiberbiztonsag","tag-microsoft","tag-nis2","tag-office-365","tag-operacios-rendszer","tag-rendszerfrissites","tag-tamogatas-megszunese","tag-vallalati-it","tag-windows-10","tag-windows-11"],"yoast_head":"<!-- This site is optimized with the Yoast SEO plugin v27.4 - https:\/\/yoast.com\/product\/yoast-seo-wordpress\/ -->\n<title>V\u00e9ge a Windows 10-nek: Mit jelent ez a c\u00e9ged sz\u00e1m\u00e1ra? - JADE Tan\u00e1csad\u00f3 \u00e9s Szolg\u00e1ltat\u00f3 Kft. hivatalos weboldala<\/title>\n<meta name=\"description\" content=\"A Windows 10 t\u00e1mogat\u00e1sa 2025-ben lej\u00e1r \u2013 mi\u00e9rt fontos id\u0151ben friss\u00edteni? Tudj meg mindent a kock\u00e1zatokr\u00f3l, a Microsoft 365 j\u00f6v\u0151j\u00e9r\u0151l \u00e9s arr\u00f3l, hogyan seg\u00edthet\u00fcnk az \u00e1t\u00e1ll\u00e1sban Windows 11-re.\" \/>\n<meta name=\"robots\" content=\"index, follow, max-snippet:-1, max-image-preview:large, max-video-preview:-1\" \/>\n<link rel=\"canonical\" href=\"https:\/\/www.jadeconsulting.eu\/index.php\/2025\/07\/28\/vege-a-windows-10-nek-mit-jelent-ez-a-ceged-szamara\/\" \/>\n<meta property=\"og:locale\" content=\"hu_HU\" \/>\n<meta property=\"og:type\" content=\"article\" \/>\n<meta property=\"og:title\" content=\"V\u00e9ge a Windows 10-nek: Mit jelent ez a c\u00e9ged sz\u00e1m\u00e1ra? - JADE Tan\u00e1csad\u00f3 \u00e9s Szolg\u00e1ltat\u00f3 Kft. hivatalos weboldala\" \/>\n<meta property=\"og:description\" content=\"A Windows 10 t\u00e1mogat\u00e1sa 2025-ben lej\u00e1r \u2013 mi\u00e9rt fontos id\u0151ben friss\u00edteni? Tudj meg mindent a kock\u00e1zatokr\u00f3l, a Microsoft 365 j\u00f6v\u0151j\u00e9r\u0151l \u00e9s arr\u00f3l, hogyan seg\u00edthet\u00fcnk az \u00e1t\u00e1ll\u00e1sban Windows 11-re.\" \/>\n<meta property=\"og:url\" content=\"https:\/\/www.jadeconsulting.eu\/index.php\/2025\/07\/28\/vege-a-windows-10-nek-mit-jelent-ez-a-ceged-szamara\/\" \/>\n<meta property=\"og:site_name\" content=\"JADE Tan\u00e1csad\u00f3 \u00e9s Szolg\u00e1ltat\u00f3 Kft. hivatalos weboldala\" \/>\n<meta property=\"article:published_time\" content=\"2025-07-28T13:22:34+00:00\" \/>\n<meta property=\"article:modified_time\" content=\"2025-07-28T13:38:24+00:00\" \/>\n<meta property=\"og:image\" content=\"https:\/\/www.jadeconsulting.eu\/wp-content\/uploads\/2025\/07\/obsolate-windows-logo.png\" \/>\n\t<meta property=\"og:image:width\" content=\"1024\" \/>\n\t<meta property=\"og:image:height\" content=\"1024\" \/>\n\t<meta property=\"og:image:type\" content=\"image\/png\" \/>\n<meta name=\"author\" content=\"Zolt\u00e1n Czilj\u00e1k\" \/>\n<meta name=\"twitter:card\" content=\"summary_large_image\" \/>\n<meta name=\"twitter:label1\" content=\"Szerz\u0151:\" \/>\n\t<meta name=\"twitter:data1\" content=\"Zolt\u00e1n Czilj\u00e1k\" \/>\n\t<meta name=\"twitter:label2\" content=\"Becs\u00fclt olvas\u00e1si id\u0151\" \/>\n\t<meta name=\"twitter:data2\" content=\"4 perc\" \/>\n<script type=\"application\/ld+json\" class=\"yoast-schema-graph\">{\"@context\":\"https:\\\/\\\/schema.org\",\"@graph\":[{\"@type\":\"Article\",\"@id\":\"https:\\\/\\\/www.jadeconsulting.eu\\\/index.php\\\/2025\\\/07\\\/28\\\/vege-a-windows-10-nek-mit-jelent-ez-a-ceged-szamara\\\/#article\",\"isPartOf\":{\"@id\":\"https:\\\/\\\/www.jadeconsulting.eu\\\/index.php\\\/2025\\\/07\\\/28\\\/vege-a-windows-10-nek-mit-jelent-ez-a-ceged-szamara\\\/\"},\"author\":{\"name\":\"Zolt\u00e1n Czilj\u00e1k\",\"@id\":\"https:\\\/\\\/www.jadeconsulting.eu\\\/#\\\/schema\\\/person\\\/b28b9b39602eca24455a807652905fde\"},\"headline\":\"V\u00e9ge a Windows 10-nek: Mit jelent ez a c\u00e9ged sz\u00e1m\u00e1ra?\",\"datePublished\":\"2025-07-28T13:22:34+00:00\",\"dateModified\":\"2025-07-28T13:38:24+00:00\",\"mainEntityOfPage\":{\"@id\":\"https:\\\/\\\/www.jadeconsulting.eu\\\/index.php\\\/2025\\\/07\\\/28\\\/vege-a-windows-10-nek-mit-jelent-ez-a-ceged-szamara\\\/\"},\"wordCount\":880,\"commentCount\":0,\"image\":{\"@id\":\"https:\\\/\\\/www.jadeconsulting.eu\\\/index.php\\\/2025\\\/07\\\/28\\\/vege-a-windows-10-nek-mit-jelent-ez-a-ceged-szamara\\\/#primaryimage\"},\"thumbnailUrl\":\"https:\\\/\\\/www.jadeconsulting.eu\\\/wp-content\\\/uploads\\\/2025\\\/07\\\/obsolate-windows-logo.png\",\"keywords\":[\"biztons\u00e1gi friss\u00edt\u00e9s\",\"eszk\u00f6zcsere\",\"friss\u00edt\u00e9s\",\"IT tan\u00e1csad\u00e1s\",\"kiberbiztons\u00e1g\",\"microsoft\",\"NIS2\",\"Office 365\",\"oper\u00e1ci\u00f3s rendszer\",\"rendszerfriss\u00edt\u00e9s\",\"t\u00e1mogat\u00e1s megsz\u0171n\u00e9se\",\"v\u00e1llalati IT\",\"windows 10\",\"windows 11\"],\"articleSection\":[\"Hardver &amp; Szoftver \u00e9letciklus\",\"IT Biztons\u00e1g\",\"IT \u00dczemeltet\u00e9s\"],\"inLanguage\":\"hu\",\"potentialAction\":[{\"@type\":\"CommentAction\",\"name\":\"Comment\",\"target\":[\"https:\\\/\\\/www.jadeconsulting.eu\\\/index.php\\\/2025\\\/07\\\/28\\\/vege-a-windows-10-nek-mit-jelent-ez-a-ceged-szamara\\\/#respond\"]}]},{\"@type\":\"WebPage\",\"@id\":\"https:\\\/\\\/www.jadeconsulting.eu\\\/index.php\\\/2025\\\/07\\\/28\\\/vege-a-windows-10-nek-mit-jelent-ez-a-ceged-szamara\\\/\",\"url\":\"https:\\\/\\\/www.jadeconsulting.eu\\\/index.php\\\/2025\\\/07\\\/28\\\/vege-a-windows-10-nek-mit-jelent-ez-a-ceged-szamara\\\/\",\"name\":\"V\u00e9ge a Windows 10-nek: Mit jelent ez a c\u00e9ged sz\u00e1m\u00e1ra? - JADE Tan\u00e1csad\u00f3 \u00e9s Szolg\u00e1ltat\u00f3 Kft. hivatalos weboldala\",\"isPartOf\":{\"@id\":\"https:\\\/\\\/www.jadeconsulting.eu\\\/#website\"},\"primaryImageOfPage\":{\"@id\":\"https:\\\/\\\/www.jadeconsulting.eu\\\/index.php\\\/2025\\\/07\\\/28\\\/vege-a-windows-10-nek-mit-jelent-ez-a-ceged-szamara\\\/#primaryimage\"},\"image\":{\"@id\":\"https:\\\/\\\/www.jadeconsulting.eu\\\/index.php\\\/2025\\\/07\\\/28\\\/vege-a-windows-10-nek-mit-jelent-ez-a-ceged-szamara\\\/#primaryimage\"},\"thumbnailUrl\":\"https:\\\/\\\/www.jadeconsulting.eu\\\/wp-content\\\/uploads\\\/2025\\\/07\\\/obsolate-windows-logo.png\",\"datePublished\":\"2025-07-28T13:22:34+00:00\",\"dateModified\":\"2025-07-28T13:38:24+00:00\",\"author\":{\"@id\":\"https:\\\/\\\/www.jadeconsulting.eu\\\/#\\\/schema\\\/person\\\/b28b9b39602eca24455a807652905fde\"},\"description\":\"A Windows 10 t\u00e1mogat\u00e1sa 2025-ben lej\u00e1r \u2013 mi\u00e9rt fontos id\u0151ben friss\u00edteni? Tudj meg mindent a kock\u00e1zatokr\u00f3l, a Microsoft 365 j\u00f6v\u0151j\u00e9r\u0151l \u00e9s arr\u00f3l, hogyan seg\u00edthet\u00fcnk az \u00e1t\u00e1ll\u00e1sban Windows 11-re.\",\"breadcrumb\":{\"@id\":\"https:\\\/\\\/www.jadeconsulting.eu\\\/index.php\\\/2025\\\/07\\\/28\\\/vege-a-windows-10-nek-mit-jelent-ez-a-ceged-szamara\\\/#breadcrumb\"},\"inLanguage\":\"hu\",\"potentialAction\":[{\"@type\":\"ReadAction\",\"target\":[\"https:\\\/\\\/www.jadeconsulting.eu\\\/index.php\\\/2025\\\/07\\\/28\\\/vege-a-windows-10-nek-mit-jelent-ez-a-ceged-szamara\\\/\"]}]},{\"@type\":\"ImageObject\",\"inLanguage\":\"hu\",\"@id\":\"https:\\\/\\\/www.jadeconsulting.eu\\\/index.php\\\/2025\\\/07\\\/28\\\/vege-a-windows-10-nek-mit-jelent-ez-a-ceged-szamara\\\/#primaryimage\",\"url\":\"https:\\\/\\\/www.jadeconsulting.eu\\\/wp-content\\\/uploads\\\/2025\\\/07\\\/obsolate-windows-logo.png\",\"contentUrl\":\"https:\\\/\\\/www.jadeconsulting.eu\\\/wp-content\\\/uploads\\\/2025\\\/07\\\/obsolate-windows-logo.png\",\"width\":1024,\"height\":1024},{\"@type\":\"BreadcrumbList\",\"@id\":\"https:\\\/\\\/www.jadeconsulting.eu\\\/index.php\\\/2025\\\/07\\\/28\\\/vege-a-windows-10-nek-mit-jelent-ez-a-ceged-szamara\\\/#breadcrumb\",\"itemListElement\":[{\"@type\":\"ListItem\",\"position\":1,\"name\":\"Home\",\"item\":\"https:\\\/\\\/www.jadeconsulting.eu\\\/\"},{\"@type\":\"ListItem\",\"position\":2,\"name\":\"V\u00e9ge a Windows 10-nek: Mit jelent ez a c\u00e9ged sz\u00e1m\u00e1ra?\"}]},{\"@type\":\"WebSite\",\"@id\":\"https:\\\/\\\/www.jadeconsulting.eu\\\/#website\",\"url\":\"https:\\\/\\\/www.jadeconsulting.eu\\\/\",\"name\":\"JADE Tan\u00e1csad\u00f3 \u00e9s Szolg\u00e1ltat\u00f3 Kft. hivatalos weboldala\",\"description\":\"Informatika, fejleszt\u00e9s \u00e9s tan\u00e1csad\u00e1s - Microsoft Dynamics 365 Business Central \u00e9s Dynamics NAV ERP fejleszt\u00e9s \u00e9s konzult\u00e1ci\u00f3\",\"potentialAction\":[{\"@type\":\"SearchAction\",\"target\":{\"@type\":\"EntryPoint\",\"urlTemplate\":\"https:\\\/\\\/www.jadeconsulting.eu\\\/?s={search_term_string}\"},\"query-input\":{\"@type\":\"PropertyValueSpecification\",\"valueRequired\":true,\"valueName\":\"search_term_string\"}}],\"inLanguage\":\"hu\"},{\"@type\":\"Person\",\"@id\":\"https:\\\/\\\/www.jadeconsulting.eu\\\/#\\\/schema\\\/person\\\/b28b9b39602eca24455a807652905fde\",\"name\":\"Zolt\u00e1n Czilj\u00e1k\",\"image\":{\"@type\":\"ImageObject\",\"inLanguage\":\"hu\",\"@id\":\"https:\\\/\\\/secure.gravatar.com\\\/avatar\\\/707784d8437a717cd9fa28ca1352db74daadca1115d42f315ae09f578f21d84c?s=96&d=mm&r=g\",\"url\":\"https:\\\/\\\/secure.gravatar.com\\\/avatar\\\/707784d8437a717cd9fa28ca1352db74daadca1115d42f315ae09f578f21d84c?s=96&d=mm&r=g\",\"contentUrl\":\"https:\\\/\\\/secure.gravatar.com\\\/avatar\\\/707784d8437a717cd9fa28ca1352db74daadca1115d42f315ae09f578f21d84c?s=96&d=mm&r=g\",\"caption\":\"Zolt\u00e1n Czilj\u00e1k\"},\"url\":\"https:\\\/\\\/www.jadeconsulting.eu\\\/index.php\\\/author\\\/cziljak-zoltanjadeconsulting-eu\\\/\"}]}<\/script>\n<!-- \/ Yoast SEO plugin. -->","yoast_head_json":{"title":"V\u00e9ge a Windows 10-nek: Mit jelent ez a c\u00e9ged sz\u00e1m\u00e1ra? - JADE Tan\u00e1csad\u00f3 \u00e9s Szolg\u00e1ltat\u00f3 Kft. hivatalos weboldala","description":"A Windows 10 t\u00e1mogat\u00e1sa 2025-ben lej\u00e1r \u2013 mi\u00e9rt fontos id\u0151ben friss\u00edteni? Tudj meg mindent a kock\u00e1zatokr\u00f3l, a Microsoft 365 j\u00f6v\u0151j\u00e9r\u0151l \u00e9s arr\u00f3l, hogyan seg\u00edthet\u00fcnk az \u00e1t\u00e1ll\u00e1sban Windows 11-re.","robots":{"index":"index","follow":"follow","max-snippet":"max-snippet:-1","max-image-preview":"max-image-preview:large","max-video-preview":"max-video-preview:-1"},"canonical":"https:\/\/www.jadeconsulting.eu\/index.php\/2025\/07\/28\/vege-a-windows-10-nek-mit-jelent-ez-a-ceged-szamara\/","og_locale":"hu_HU","og_type":"article","og_title":"V\u00e9ge a Windows 10-nek: Mit jelent ez a c\u00e9ged sz\u00e1m\u00e1ra? - JADE Tan\u00e1csad\u00f3 \u00e9s Szolg\u00e1ltat\u00f3 Kft. hivatalos weboldala","og_description":"A Windows 10 t\u00e1mogat\u00e1sa 2025-ben lej\u00e1r \u2013 mi\u00e9rt fontos id\u0151ben friss\u00edteni? Tudj meg mindent a kock\u00e1zatokr\u00f3l, a Microsoft 365 j\u00f6v\u0151j\u00e9r\u0151l \u00e9s arr\u00f3l, hogyan seg\u00edthet\u00fcnk az \u00e1t\u00e1ll\u00e1sban Windows 11-re.","og_url":"https:\/\/www.jadeconsulting.eu\/index.php\/2025\/07\/28\/vege-a-windows-10-nek-mit-jelent-ez-a-ceged-szamara\/","og_site_name":"JADE Tan\u00e1csad\u00f3 \u00e9s Szolg\u00e1ltat\u00f3 Kft. hivatalos weboldala","article_published_time":"2025-07-28T13:22:34+00:00","article_modified_time":"2025-07-28T13:38:24+00:00","og_image":[{"url":"https:\/\/www.jadeconsulting.eu\/wp-content\/uploads\/2025\/07\/obsolate-windows-logo.png","width":1024,"height":1024,"type":"image\/png"}],"author":"Zolt\u00e1n Czilj\u00e1k","twitter_card":"summary_large_image","twitter_misc":{"Szerz\u0151:":"Zolt\u00e1n Czilj\u00e1k","Becs\u00fclt olvas\u00e1si id\u0151":"4 perc"},"schema":{"@context":"https:\/\/schema.org","@graph":[{"@type":"Article","@id":"https:\/\/www.jadeconsulting.eu\/index.php\/2025\/07\/28\/vege-a-windows-10-nek-mit-jelent-ez-a-ceged-szamara\/#article","isPartOf":{"@id":"https:\/\/www.jadeconsulting.eu\/index.php\/2025\/07\/28\/vege-a-windows-10-nek-mit-jelent-ez-a-ceged-szamara\/"},"author":{"name":"Zolt\u00e1n Czilj\u00e1k","@id":"https:\/\/www.jadeconsulting.eu\/#\/schema\/person\/b28b9b39602eca24455a807652905fde"},"headline":"V\u00e9ge a Windows 10-nek: Mit jelent ez a c\u00e9ged sz\u00e1m\u00e1ra?","datePublished":"2025-07-28T13:22:34+00:00","dateModified":"2025-07-28T13:38:24+00:00","mainEntityOfPage":{"@id":"https:\/\/www.jadeconsulting.eu\/index.php\/2025\/07\/28\/vege-a-windows-10-nek-mit-jelent-ez-a-ceged-szamara\/"},"wordCount":880,"commentCount":0,"image":{"@id":"https:\/\/www.jadeconsulting.eu\/index.php\/2025\/07\/28\/vege-a-windows-10-nek-mit-jelent-ez-a-ceged-szamara\/#primaryimage"},"thumbnailUrl":"https:\/\/www.jadeconsulting.eu\/wp-content\/uploads\/2025\/07\/obsolate-windows-logo.png","keywords":["biztons\u00e1gi friss\u00edt\u00e9s","eszk\u00f6zcsere","friss\u00edt\u00e9s","IT tan\u00e1csad\u00e1s","kiberbiztons\u00e1g","microsoft","NIS2","Office 365","oper\u00e1ci\u00f3s rendszer","rendszerfriss\u00edt\u00e9s","t\u00e1mogat\u00e1s megsz\u0171n\u00e9se","v\u00e1llalati IT","windows 10","windows 11"],"articleSection":["Hardver &amp; Szoftver \u00e9letciklus","IT Biztons\u00e1g","IT \u00dczemeltet\u00e9s"],"inLanguage":"hu","potentialAction":[{"@type":"CommentAction","name":"Comment","target":["https:\/\/www.jadeconsulting.eu\/index.php\/2025\/07\/28\/vege-a-windows-10-nek-mit-jelent-ez-a-ceged-szamara\/#respond"]}]},{"@type":"WebPage","@id":"https:\/\/www.jadeconsulting.eu\/index.php\/2025\/07\/28\/vege-a-windows-10-nek-mit-jelent-ez-a-ceged-szamara\/","url":"https:\/\/www.jadeconsulting.eu\/index.php\/2025\/07\/28\/vege-a-windows-10-nek-mit-jelent-ez-a-ceged-szamara\/","name":"V\u00e9ge a Windows 10-nek: Mit jelent ez a c\u00e9ged sz\u00e1m\u00e1ra? - JADE Tan\u00e1csad\u00f3 \u00e9s Szolg\u00e1ltat\u00f3 Kft. hivatalos weboldala","isPartOf":{"@id":"https:\/\/www.jadeconsulting.eu\/#website"},"primaryImageOfPage":{"@id":"https:\/\/www.jadeconsulting.eu\/index.php\/2025\/07\/28\/vege-a-windows-10-nek-mit-jelent-ez-a-ceged-szamara\/#primaryimage"},"image":{"@id":"https:\/\/www.jadeconsulting.eu\/index.php\/2025\/07\/28\/vege-a-windows-10-nek-mit-jelent-ez-a-ceged-szamara\/#primaryimage"},"thumbnailUrl":"https:\/\/www.jadeconsulting.eu\/wp-content\/uploads\/2025\/07\/obsolate-windows-logo.png","datePublished":"2025-07-28T13:22:34+00:00","dateModified":"2025-07-28T13:38:24+00:00","author":{"@id":"https:\/\/www.jadeconsulting.eu\/#\/schema\/person\/b28b9b39602eca24455a807652905fde"},"description":"A Windows 10 t\u00e1mogat\u00e1sa 2025-ben lej\u00e1r \u2013 mi\u00e9rt fontos id\u0151ben friss\u00edteni? Tudj meg mindent a kock\u00e1zatokr\u00f3l, a Microsoft 365 j\u00f6v\u0151j\u00e9r\u0151l \u00e9s arr\u00f3l, hogyan seg\u00edthet\u00fcnk az \u00e1t\u00e1ll\u00e1sban Windows 11-re.","breadcrumb":{"@id":"https:\/\/www.jadeconsulting.eu\/index.php\/2025\/07\/28\/vege-a-windows-10-nek-mit-jelent-ez-a-ceged-szamara\/#breadcrumb"},"inLanguage":"hu","potentialAction":[{"@type":"ReadAction","target":["https:\/\/www.jadeconsulting.eu\/index.php\/2025\/07\/28\/vege-a-windows-10-nek-mit-jelent-ez-a-ceged-szamara\/"]}]},{"@type":"ImageObject","inLanguage":"hu","@id":"https:\/\/www.jadeconsulting.eu\/index.php\/2025\/07\/28\/vege-a-windows-10-nek-mit-jelent-ez-a-ceged-szamara\/#primaryimage","url":"https:\/\/www.jadeconsulting.eu\/wp-content\/uploads\/2025\/07\/obsolate-windows-logo.png","contentUrl":"https:\/\/www.jadeconsulting.eu\/wp-content\/uploads\/2025\/07\/obsolate-windows-logo.png","width":1024,"height":1024},{"@type":"BreadcrumbList","@id":"https:\/\/www.jadeconsulting.eu\/index.php\/2025\/07\/28\/vege-a-windows-10-nek-mit-jelent-ez-a-ceged-szamara\/#breadcrumb","itemListElement":[{"@type":"ListItem","position":1,"name":"Home","item":"https:\/\/www.jadeconsulting.eu\/"},{"@type":"ListItem","position":2,"name":"V\u00e9ge a Windows 10-nek: Mit jelent ez a c\u00e9ged sz\u00e1m\u00e1ra?"}]},{"@type":"WebSite","@id":"https:\/\/www.jadeconsulting.eu\/#website","url":"https:\/\/www.jadeconsulting.eu\/","name":"JADE Tan\u00e1csad\u00f3 \u00e9s Szolg\u00e1ltat\u00f3 Kft. hivatalos weboldala","description":"Informatika, fejleszt\u00e9s \u00e9s tan\u00e1csad\u00e1s - Microsoft Dynamics 365 Business Central \u00e9s Dynamics NAV ERP fejleszt\u00e9s \u00e9s konzult\u00e1ci\u00f3","potentialAction":[{"@type":"SearchAction","target":{"@type":"EntryPoint","urlTemplate":"https:\/\/www.jadeconsulting.eu\/?s={search_term_string}"},"query-input":{"@type":"PropertyValueSpecification","valueRequired":true,"valueName":"search_term_string"}}],"inLanguage":"hu"},{"@type":"Person","@id":"https:\/\/www.jadeconsulting.eu\/#\/schema\/person\/b28b9b39602eca24455a807652905fde","name":"Zolt\u00e1n Czilj\u00e1k","image":{"@type":"ImageObject","inLanguage":"hu","@id":"https:\/\/secure.gravatar.com\/avatar\/707784d8437a717cd9fa28ca1352db74daadca1115d42f315ae09f578f21d84c?s=96&d=mm&r=g","url":"https:\/\/secure.gravatar.com\/avatar\/707784d8437a717cd9fa28ca1352db74daadca1115d42f315ae09f578f21d84c?s=96&d=mm&r=g","contentUrl":"https:\/\/secure.gravatar.com\/avatar\/707784d8437a717cd9fa28ca1352db74daadca1115d42f315ae09f578f21d84c?s=96&d=mm&r=g","caption":"Zolt\u00e1n Czilj\u00e1k"},"url":"https:\/\/www.jadeconsulting.eu\/index.php\/author\/cziljak-zoltanjadeconsulting-eu\/"}]}},"jetpack_publicize_connections":[],"jetpack_featured_media_url":"https:\/\/www.jadeconsulting.eu\/wp-content\/uploads\/2025\/07\/obsolate-windows-logo.png","jetpack_sharing_enabled":true,"jetpack-related-posts":[{"id":1241,"url":"https:\/\/www.jadeconsulting.eu\/index.php\/2024\/10\/17\/windows-11-frissitesai-ujitasok-es-energiatakarekos-mod\/","url_meta":{"origin":1672,"position":0},"title":"Itt az \u00faj Windows 11 friss\u00edt\u00e9s: AI funkci\u00f3k, okosabb energiatakar\u00e9koss\u00e1g, modernebb m\u0171k\u00f6d\u00e9s","author":"Husz\u00e1r Gabriella","date":"2024-10-17","format":false,"excerpt":"A Microsoft leg\u00fajabb Windows 11 friss\u00edt\u00e9se, a 24H2 verzi\u00f3, nem csak n\u00e9h\u00e1ny \u00faj gombot hozott \u2013 val\u00f3j\u00e1ban egy sor olyan fejleszt\u00e9st tartalmaz, amely hossz\u00fa t\u00e1von is meghat\u00e1rozhatja, hogyan dolgozunk sz\u00e1m\u00edt\u00f3g\u00e9pen.De mit jelent ez a friss\u00edt\u00e9s egy v\u00e1llalkoz\u00e1s, egy iroda vagy ak\u00e1r egy otthoni felhaszn\u00e1l\u00f3 sz\u00e1m\u00e1ra? Mi\u00e9rt \u00e9rdemes friss\u00edteni? A 24H2\u2026","rel":"","context":"In &quot;Friss\u00edt\u00e9s&quot;","block_context":{"text":"Friss\u00edt\u00e9s","link":"https:\/\/www.jadeconsulting.eu\/index.php\/category\/it-uzemeltetes\/frissites\/"},"img":{"alt_text":"","src":"https:\/\/i0.wp.com\/www.jadeconsulting.eu\/wp-content\/uploads\/2025\/07\/win11update-ai.png?resize=350%2C200&ssl=1","width":350,"height":200,"srcset":"https:\/\/i0.wp.com\/www.jadeconsulting.eu\/wp-content\/uploads\/2025\/07\/win11update-ai.png?resize=350%2C200&ssl=1 1x, https:\/\/i0.wp.com\/www.jadeconsulting.eu\/wp-content\/uploads\/2025\/07\/win11update-ai.png?resize=525%2C300&ssl=1 1.5x, https:\/\/i0.wp.com\/www.jadeconsulting.eu\/wp-content\/uploads\/2025\/07\/win11update-ai.png?resize=700%2C400&ssl=1 2x"},"classes":[]},{"id":1564,"url":"https:\/\/www.jadeconsulting.eu\/index.php\/2025\/07\/24\/kritikus-sharepoint-sebezhetoseg-tobb-tucat-szervezet-mar-aldozatul-esett-cve-2025-53770\/","url_meta":{"origin":1672,"position":1},"title":"&#x1f512; Kritikus SharePoint sebezhet\u0151s\u00e9g: t\u00f6bb tucat szervezet m\u00e1r \u00e1ldozatul esett (CVE-2025-53770)","author":"Zolt\u00e1n Czilj\u00e1k","date":"2025-07-24","format":false,"excerpt":"Mi t\u00f6rt\u00e9nt? 2025 j\u00falius\u00e1ban a Microsoft egy s\u00falyos, nulladik napi (zero-day) sebezhet\u0151s\u00e9get azonos\u00edtott a SharePoint Server rendszereiben, amelyet akt\u00edvan kihaszn\u00e1lnak kiberb\u0171n\u00f6z\u0151k \u2013 t\u00f6bbek k\u00f6z\u00f6tt \u00e1llamilag t\u00e1mogatott k\u00ednai hackercsoportok is. A CVE-2025-53770 k\u00f3d alatt nyilv\u00e1ntartott hiba lehet\u0151v\u00e9 teszi, hogy a t\u00e1mad\u00f3k teljes jogosults\u00e1ggal f\u00e9rjenek hozz\u00e1 a rendszerekhez an\u00e9lk\u00fcl, hogy b\u00e1rmif\u00e9le hiteles\u00edt\u00e9sre\u2026","rel":"","context":"In &quot;IT Biztons\u00e1g&quot;","block_context":{"text":"IT Biztons\u00e1g","link":"https:\/\/www.jadeconsulting.eu\/index.php\/category\/it-biztonsag\/"},"img":{"alt_text":"","src":"https:\/\/i0.wp.com\/www.jadeconsulting.eu\/wp-content\/uploads\/2025\/07\/Sharepoint-vulnerability-e1753353531469.png?resize=350%2C200&ssl=1","width":350,"height":200,"srcset":"https:\/\/i0.wp.com\/www.jadeconsulting.eu\/wp-content\/uploads\/2025\/07\/Sharepoint-vulnerability-e1753353531469.png?resize=350%2C200&ssl=1 1x, https:\/\/i0.wp.com\/www.jadeconsulting.eu\/wp-content\/uploads\/2025\/07\/Sharepoint-vulnerability-e1753353531469.png?resize=525%2C300&ssl=1 1.5x, https:\/\/i0.wp.com\/www.jadeconsulting.eu\/wp-content\/uploads\/2025\/07\/Sharepoint-vulnerability-e1753353531469.png?resize=700%2C400&ssl=1 2x"},"classes":[]},{"id":42,"url":"https:\/\/www.jadeconsulting.eu\/index.php\/2019\/03\/13\/microsoft-dynamics-nav-korabbi-neven-microsoft-navision-tanacsadas-es-fejlesztes\/","url_meta":{"origin":1672,"position":2},"title":"Microsoft Dynamics 365 Business Central \u00e9s Microsoft Dynamics NAV (kor\u00e1bbi nev\u00e9n Microsoft Navision) tan\u00e1csad\u00e1s \u00e9s fejleszt\u00e9s","author":"admin","date":"2019-03-13","format":false,"excerpt":"\u00d6r\u00f6mmel \u00e9rtes\u00edtj\u00fck tisztelt \u00c9rdekl\u0151d\u0151inket, miszerint c\u00e9g\u00fcnk megkezdte szolg\u00e1ltat\u00e1si \u00fczlet\u00e1g\u00e1nak b\u0151v\u00edt\u00e9s\u00e9t, ezent\u00fal m\u00e1r Microsoft Dynamics 365 Business Central (Cloud \u00e9s OnPremise) rendszerek, tov\u00e1bb\u00e1 Microsoft Dynamics NAV tan\u00e1csad\u00e1si, fejleszt\u00e9si, bevezet\u00e9si, oktat\u00e1si \u00e9s t\u00e1mogat\u00e1si k\u00e9rd\u00e9sekkel \u00e9s ig\u00e9nyekkel is b\u00e1tran fordulhatnak hozz\u00e1nk, ilyen t\u00e9ren t\u00f6bb, mint 45 sikeres rendszerbevezet\u00e9s, nemzetk\u00f6zi projektekben is tapasztalatot szerzett\u2026","rel":"","context":"In &quot;Egy\u00e9b&quot;","block_context":{"text":"Egy\u00e9b","link":"https:\/\/www.jadeconsulting.eu\/index.php\/category\/egyeb\/"},"img":{"alt_text":"","src":"https:\/\/i0.wp.com\/www.jadeconsulting.eu\/wp-content\/uploads\/2024\/01\/image.png?resize=350%2C200&ssl=1","width":350,"height":200,"srcset":"https:\/\/i0.wp.com\/www.jadeconsulting.eu\/wp-content\/uploads\/2024\/01\/image.png?resize=350%2C200&ssl=1 1x, https:\/\/i0.wp.com\/www.jadeconsulting.eu\/wp-content\/uploads\/2024\/01\/image.png?resize=525%2C300&ssl=1 1.5x, https:\/\/i0.wp.com\/www.jadeconsulting.eu\/wp-content\/uploads\/2024\/01\/image.png?resize=700%2C400&ssl=1 2x"},"classes":[]},{"id":1218,"url":"https:\/\/www.jadeconsulting.eu\/index.php\/2024\/10\/09\/uj-lehetoseg-az-erp-rendszerek-fejlesztesere-0-os-kamatu-beruhazasi-hitel-kkv-k-szamara\/","url_meta":{"origin":1672,"position":3},"title":"\u00daJ LEHET\u0150S\u00c9G AZ ERP RENDSZEREK FEJLESZT\u00c9S\u00c9RE: 0%-OS KAMAT\u00da BERUH\u00c1Z\u00c1SI HITEL KKV-K SZ\u00c1M\u00c1RA","author":"Husz\u00e1r Gabriella","date":"2024-10-09","format":false,"excerpt":"\u00d6r\u00f6mmel jelentj\u00fck be, hogy \u00faj p\u00e1ly\u00e1zati lehet\u0151s\u00e9g ny\u00edlt meg a kis- \u00e9s k\u00f6z\u00e9pv\u00e1llalkoz\u00e1sok sz\u00e1m\u00e1ra digit\u00e1lis fejleszt\u00e9sek t\u00e1mogat\u00e1s\u00e1ra.Ez az \u00faj lehet\u0151s\u00e9g k\u00fcl\u00f6n\u00f6sen izgalmas, mivel ERP rendszerek fejleszt\u00e9s\u00e9re ir\u00e1nyul\u00f3 p\u00e1ly\u00e1zatok \u00e9vek \u00f3ta nem voltak el\u00e9rhet\u0151k!Mi\u00e9rt \u00c9rdemes P\u00e1ly\u00e1zni?Az \u00faj p\u00e1ly\u00e1zati lehet\u0151s\u00e9g keret\u00e9ben a v\u00e1llalkoz\u00e1sok 0%-os kamatoz\u00e1s\u00fa beruh\u00e1z\u00e1si hitelt ig\u00e9nyelhetnek, amely min. 3 milli\u00f3\u2026","rel":"","context":"In &quot;Egy\u00e9b&quot;","block_context":{"text":"Egy\u00e9b","link":"https:\/\/www.jadeconsulting.eu\/index.php\/category\/egyeb\/"},"img":{"alt_text":"","src":"https:\/\/i0.wp.com\/www.jadeconsulting.eu\/wp-content\/uploads\/2024\/10\/7050918.jpg?resize=350%2C200&ssl=1","width":350,"height":200,"srcset":"https:\/\/i0.wp.com\/www.jadeconsulting.eu\/wp-content\/uploads\/2024\/10\/7050918.jpg?resize=350%2C200&ssl=1 1x, https:\/\/i0.wp.com\/www.jadeconsulting.eu\/wp-content\/uploads\/2024\/10\/7050918.jpg?resize=525%2C300&ssl=1 1.5x, https:\/\/i0.wp.com\/www.jadeconsulting.eu\/wp-content\/uploads\/2024\/10\/7050918.jpg?resize=700%2C400&ssl=1 2x, https:\/\/i0.wp.com\/www.jadeconsulting.eu\/wp-content\/uploads\/2024\/10\/7050918.jpg?resize=1050%2C600&ssl=1 3x, https:\/\/i0.wp.com\/www.jadeconsulting.eu\/wp-content\/uploads\/2024\/10\/7050918.jpg?resize=1400%2C800&ssl=1 4x"},"classes":[]},{"id":1891,"url":"https:\/\/www.jadeconsulting.eu\/index.php\/2025\/11\/11\/ai-a-konyvelesben-elso-tapasztalataink-a-business-central-payables-agent-funkcioval\/","url_meta":{"origin":1672,"position":4},"title":"AI a k\u00f6nyvel\u00e9sben \u2013 els\u0151 tapasztalataink a Business Central Payables Agent funkci\u00f3val","author":"Zolt\u00e1n Czilj\u00e1k","date":"2025-11-11","format":false,"excerpt":"Az elm\u00falt n\u00e9h\u00e1ny \u00e9vben a mesters\u00e9ges intelligencia (AI) sz\u00f3 szinte minden \u00fczleti ter\u00fcleten megjelent \u2013 de m\u00edg kor\u00e1bban ink\u00e1bb trendk\u00e9nt vagy t\u00e1voli \u00edg\u00e9retk\u00e9nt hallottunk r\u00f3la, ma m\u00e1r nagyon is k\u00e9zzelfoghat\u00f3.A Microsoft a Dynamics 365 \u00f6kosziszt\u00e9m\u00e1ban is hat\u00e1rozottan elindult az ir\u00e1nyba, hogy az AI ne csak kieg\u00e9sz\u00edt\u0151 eszk\u00f6z legyen, hanem a\u2026","rel":"","context":"In &quot;Microsoft Dynamics 365 Business Central&quot;","block_context":{"text":"Microsoft Dynamics 365 Business Central","link":"https:\/\/www.jadeconsulting.eu\/index.php\/category\/microsoft-dynamics-365-business-central\/"},"img":{"alt_text":"","src":"https:\/\/i0.wp.com\/www.jadeconsulting.eu\/wp-content\/uploads\/2025\/11\/BC_new_logo.jpg?resize=350%2C200&ssl=1","width":350,"height":200,"srcset":"https:\/\/i0.wp.com\/www.jadeconsulting.eu\/wp-content\/uploads\/2025\/11\/BC_new_logo.jpg?resize=350%2C200&ssl=1 1x, https:\/\/i0.wp.com\/www.jadeconsulting.eu\/wp-content\/uploads\/2025\/11\/BC_new_logo.jpg?resize=525%2C300&ssl=1 1.5x, https:\/\/i0.wp.com\/www.jadeconsulting.eu\/wp-content\/uploads\/2025\/11\/BC_new_logo.jpg?resize=700%2C400&ssl=1 2x"},"classes":[]},{"id":66,"url":"https:\/\/www.jadeconsulting.eu\/index.php\/2019\/03\/25\/wordpress-alapu-weboldalak-uzemeltetese-frissitese-es-karbantartasa\/","url_meta":{"origin":1672,"position":5},"title":"WordPress alap\u00fa weboldalak \u00fczemeltet\u00e9se, friss\u00edt\u00e9se \u00e9s karbantart\u00e1sa","author":"admin","date":"2019-03-25","format":false,"excerpt":"Amennyiben \u00d6n \u00e9s\/vagy v\u00e1llalkoz\u00e1sa az egyik legelterjedtebb ingyenes \u00e9s ny\u00edlt forr\u00e1sk\u00f3d\u00fa tartalomkezel\u0151, a WordPress mellett tette le voks\u00e1t \u00e9s haszn\u00e1lja m\u00e1r \u00e9lesben weboldala, esetleg Webshopja l\u00e9tes\u00edt\u00e9s\u00e9re \u00e9s fenntart\u00e1s\u00e1ra, \u00fagy \u00e1llunk sz\u00edves rendelkez\u00e9s\u00e9re t\u00e1rhelyszolg\u00e1ltat\u00e1s, megl\u00e9v\u0151 WordPress oldal\u00e1nak \u00e1tvizsg\u00e1l\u00e1sa, friss\u00edt\u00e9se, karbantart\u00e1sa, technikai \u00fczemeltet\u00e9se kapcs\u00e1n Tisztelt \u00c9rdekl\u0151d\u0151ink sz\u00e1m\u00e1ra. Sokan laikusk\u00e9nt nincsenek azzal tiszt\u00e1ban,\u2026","rel":"","context":"In &quot;Weboldal fejleszt\u00e9s&quot;","block_context":{"text":"Weboldal fejleszt\u00e9s","link":"https:\/\/www.jadeconsulting.eu\/index.php\/category\/weboldal-fejlesztes\/"},"img":{"alt_text":"","src":"","width":0,"height":0},"classes":[]}],"_links":{"self":[{"href":"https:\/\/www.jadeconsulting.eu\/index.php\/wp-json\/wp\/v2\/posts\/1672","targetHints":{"allow":["GET"]}}],"collection":[{"href":"https:\/\/www.jadeconsulting.eu\/index.php\/wp-json\/wp\/v2\/posts"}],"about":[{"href":"https:\/\/www.jadeconsulting.eu\/index.php\/wp-json\/wp\/v2\/types\/post"}],"author":[{"embeddable":true,"href":"https:\/\/www.jadeconsulting.eu\/index.php\/wp-json\/wp\/v2\/users\/162"}],"replies":[{"embeddable":true,"href":"https:\/\/www.jadeconsulting.eu\/index.php\/wp-json\/wp\/v2\/comments?post=1672"}],"version-history":[{"count":7,"href":"https:\/\/www.jadeconsulting.eu\/index.php\/wp-json\/wp\/v2\/posts\/1672\/revisions"}],"predecessor-version":[{"id":1721,"href":"https:\/\/www.jadeconsulting.eu\/index.php\/wp-json\/wp\/v2\/posts\/1672\/revisions\/1721"}],"wp:featuredmedia":[{"embeddable":true,"href":"https:\/\/www.jadeconsulting.eu\/index.php\/wp-json\/wp\/v2\/media\/1714"}],"wp:attachment":[{"href":"https:\/\/www.jadeconsulting.eu\/index.php\/wp-json\/wp\/v2\/media?parent=1672"}],"wp:term":[{"taxonomy":"category","embeddable":true,"href":"https:\/\/www.jadeconsulting.eu\/index.php\/wp-json\/wp\/v2\/categories?post=1672"},{"taxonomy":"post_tag","embeddable":true,"href":"https:\/\/www.jadeconsulting.eu\/index.php\/wp-json\/wp\/v2\/tags?post=1672"}],"curies":[{"name":"wp","href":"https:\/\/api.w.org\/{rel}","templated":true}]}}